{"id":43507,"date":"2026-09-01T11:00:56","date_gmt":"2026-09-01T09:00:56","guid":{"rendered":"https:\/\/emocosmetica.com\/?p=43507"},"modified":"2026-09-01T22:40:46","modified_gmt":"2026-09-01T20:40:46","slug":"valentia-cerebro-piel-belleza","status":"publish","type":"post","link":"https:\/\/emocosmetica.com\/?p=43507","title":{"rendered":"La valent\u00eda transforma tu cerebro, tu piel y tu belleza: la ciencia de atreverse","gt_translate_keys":[{"key":"rendered","format":"text"}]},"content":{"rendered":"<ul>\n<li><strong>\u00bfQu\u00e9 es realmente la valent\u00eda?<\/strong><\/li>\n<li data-start=\"125\" data-end=\"168\"><strong>La valent\u00eda no es ausencia de miedo.<\/strong><\/li>\n<li data-start=\"170\" data-end=\"239\"><strong>El experimento que permiti\u00f3 observar la valent\u00eda en el cerebro<\/strong><\/li>\n<li data-start=\"241\" data-end=\"298\"><strong>Miedo y valent\u00eda: dos procesos que pueden convivir<\/strong><\/li>\n<li data-start=\"300\" data-end=\"364\"><strong>Evitar alivia hoy, pero puede aumentar el miedo de ma\u00f1ana<\/strong><\/li>\n<li data-start=\"366\" data-end=\"425\"><strong>La neuroplasticidad: el cerebro aprende de cada paso<\/strong><\/li>\n<li data-start=\"427\" data-end=\"474\"><strong>La valent\u00eda nos protege frente al estr\u00e9s<\/strong><\/li>\n<li data-start=\"476\" data-end=\"517\"><strong>La qu\u00edmica cerebral de la valent\u00eda<\/strong><\/li>\n<li data-start=\"519\" data-end=\"562\"><strong>Dopamina: la motivaci\u00f3n para avanzar<\/strong><\/li>\n<li data-start=\"564\" data-end=\"620\"><strong>Noradrenalina: energ\u00eda y atenci\u00f3n ante el desaf\u00edo<\/strong><\/li>\n<li data-start=\"622\" data-end=\"686\"><strong>Serotonina: regulaci\u00f3n emocional y aprendizaje del miedo.<\/strong><\/li>\n<li data-start=\"688\" data-end=\"750\"><strong>Oxitocina: la valent\u00eda tambi\u00e9n se construye en compa\u00f1\u00eda<\/strong><\/li>\n<li data-start=\"752\" data-end=\"813\"><strong>Endorfinas: alivio y recuperaci\u00f3n despu\u00e9s del esfuerzo<\/strong><\/li>\n<li data-start=\"815\" data-end=\"874\"><strong>La valent\u00eda tambi\u00e9n afecta a nuestro estado de \u00e1nimo<\/strong><\/li>\n<li data-start=\"876\" data-end=\"932\"><strong>\u00bfQu\u00e9 relaci\u00f3n existe entre la valent\u00eda y la piel?<\/strong><\/li>\n<li data-start=\"934\" data-end=\"981\"><strong>La belleza tambi\u00e9n nace de la coherencia<\/strong><\/li>\n<li data-start=\"983\" data-end=\"1031\"><strong>Aromas que acompa\u00f1an al sistema nervioso<\/strong><\/li>\n<li data-start=\"1033\" data-end=\"1086\"><strong>El olfato tambi\u00e9n puede transformar el cerebro<\/strong><\/li>\n<li data-start=\"1088\" data-end=\"1163\"><strong>Terapia floral contempor\u00e1nea: un lenguaje emocional de la naturaleza<\/strong><\/li>\n<li data-start=\"1165\" data-end=\"1206\"><strong>C\u00f3mo entrenar la valent\u00eda cada d\u00eda<\/strong><\/li>\n<li data-start=\"1208\" data-end=\"1252\"><strong>La piel tambi\u00e9n recuerda c\u00f3mo vivimos<\/strong><\/li>\n<\/ul>\n<p><strong>\u00bfY si la belleza empezara mucho antes de aplicarte una crema? \u00bfY si comenzara en el instante en que decides hacer aquello que sabes que necesitas, aunque d\u00e9 miedo?<\/strong><\/p>\n<p data-start=\"1421\" data-end=\"1695\">Durante siglos, la valent\u00eda se ha considerado una virtud moral; una cualidad reservada para quienes afrontaban grandes desaf\u00edos. Sin embargo, la ciencia est\u00e1 descubriendo que tambi\u00e9n es un proceso biol\u00f3gico, una conducta que se aprende y una capacidad que puede entrenarse.<\/p>\n<p data-start=\"1697\" data-end=\"2073\">Cada vez que actuamos a pesar del miedo, el cerebro recibe una informaci\u00f3n nueva; descubriendo que la incomodidad puede soportarse, que muchas amenazas anticipadas no llegan a producirse y que poseemos m\u00e1s recursos de los que imagin\u00e1bamos. Esa experiencia modifica la actividad de los circuitos relacionados con el miedo, la motivaci\u00f3n, el aprendizaje y la toma de decisiones.<\/p>\n<p data-start=\"2075\" data-end=\"2427\">La investigaci\u00f3n sobre el coraje ha producido hallazgos fascinantes. Estudios de neuroimagen han observado que actuar voluntariamente en direcci\u00f3n contraria al miedo se relaciona con la activaci\u00f3n de regiones cerebrales implicadas en la regulaci\u00f3n emocional, la valoraci\u00f3n del riesgo y la capacidad de transformar una emoci\u00f3n en una acci\u00f3n consciente.<\/p>\n<p data-start=\"2429\" data-end=\"2706\">La valent\u00eda tambi\u00e9n influye sobre nuestra salud: afrontar una conversaci\u00f3n pendiente, establecer l\u00edmites, pedir ayuda, acudir a una revisi\u00f3n m\u00e9dica o abandonar una situaci\u00f3n que nos da\u00f1a reduce la sensaci\u00f3n de indefensi\u00f3n y modifica los h\u00e1bitos que sustentan nuestro bienestar.<\/p>\n<p data-start=\"2708\" data-end=\"3262\">En las \u00faltimas d\u00e9cadas, la psicolog\u00eda, la neurociencia y la psiconeuroinmunolog\u00eda han demostrado, por tanto, que cada acto de valent\u00eda modifica la actividad de nuestro cerebro, influye sobre la liberaci\u00f3n de neurotransmisores y hormonas, condiciona el funcionamiento del sistema inmunitario y repercute, por consiguiente, en la salud de todo el organismo, incluida la piel. La forma en la que respondemos a los desaf\u00edos cotidianos no s\u00f3lo determina nuestras decisiones, sino que tambi\u00e9n va modelando el entorno biol\u00f3gico en el que viven nuestras c\u00e9lulas.<\/p>\n<p data-start=\"3264\" data-end=\"3838\">La piel participa de toda esa historia. No es un \u00f3rgano aislado, sino que mantiene una comunicaci\u00f3n constante con el sistema nervioso, el sistema endocrino y el sistema inmunitario. Cada emoci\u00f3n desencadena una compleja cascada de se\u00f1ales qu\u00edmicas que las c\u00e9lulas cut\u00e1neas interpretan y a las que responden, adaptando su funcionamiento. Por ello, <a href=\"https:\/\/emocosmetica.com\/estres-se-ve-en-la-piel\/\">el estr\u00e9s mantenido<\/a>, el miedo o la inseguridad no s\u00f3lo cambian <a href=\"https:\/\/pubmed.ncbi.nlm.nih.gov\/41393358\/\" target=\"_blank\" rel=\"noopener\">c\u00f3mo nos sentimos, sino tambi\u00e9n c\u00f3mo se comportan nuestras c\u00e9lulas, c\u00f3mo se regeneran los tejidos y c\u00f3mo envejece la piel con el paso del tiempo.<\/a><\/p>\n<p data-start=\"3841\" data-end=\"3880\">En <strong><a href=\"https:\/\/emocosmetica.com\">Emocosm\u00e9tica<\/a><\/strong> entendemos la belleza desde una perspectiva integradora, comprendiendo la piel como un \u00f3rgano profundamente conectado con las emociones. No creemos que una crema pueda sustituir un cambio interior; pero s\u00ed que el cuidado diario, y prolongado en el tiempo, se convierte en un ritual consciente, capaz de favorecer estados emocionales m\u00e1s saludables. La ciencia empieza a explicar el por qu\u00e9.<\/p>\n<p>\t\t\t\t\t\t\t\t\t\t\t\t\t\t\t<img fetchpriority=\"high\" decoding=\"async\" width=\"1024\" height=\"1024\" src=\"https:\/\/emocosmetica.com\/wp-content\/uploads\/2026\/09\/que-es-valentia-psicologia-coraje-1024x1024.webp\" alt=\"Persona ayudando a otra como representaci\u00f3n del significado de la valent\u00eda\" srcset=\"https:\/\/emocosmetica.com\/wp-content\/uploads\/2026\/09\/que-es-valentia-psicologia-coraje-1024x1024.webp 1024w, https:\/\/emocosmetica.com\/wp-content\/uploads\/2026\/09\/que-es-valentia-psicologia-coraje-300x300.webp 300w, https:\/\/emocosmetica.com\/wp-content\/uploads\/2026\/09\/que-es-valentia-psicologia-coraje-150x150.webp 150w, https:\/\/emocosmetica.com\/wp-content\/uploads\/2026\/09\/que-es-valentia-psicologia-coraje-768x768.webp 768w, https:\/\/emocosmetica.com\/wp-content\/uploads\/2026\/09\/que-es-valentia-psicologia-coraje-600x600.webp 600w, https:\/\/emocosmetica.com\/wp-content\/uploads\/2026\/09\/que-es-valentia-psicologia-coraje-100x100.webp 100w, https:\/\/emocosmetica.com\/wp-content\/uploads\/2026\/09\/que-es-valentia-psicologia-coraje-64x64.webp 64w, https:\/\/emocosmetica.com\/wp-content\/uploads\/2026\/09\/que-es-valentia-psicologia-coraje.webp 1200w\" sizes=\"(max-width: 1024px) 100vw, 1024px\" \/>\t\t\t\t\t\t\t\t\t\t\t\t\t\t\t<\/p>\n<h2><strong>\u00bfQu\u00e9 es realmente la valent\u00eda?<\/strong><\/h2>\n<p data-start=\"4357\" data-end=\"4640\">La psicolog\u00eda moderna define la valent\u00eda como la capacidad de actuar, de acuerdo con nuestros valores y objetivos m\u00e1s profundos; incluso, cuando experimentamos miedo, incertidumbre o incomodidad. No se trata de eliminar el miedo, sino de impedir que sea \u00e9l quien dirija nuestra vida.<\/p>\n<p data-start=\"4642\" data-end=\"4919\">El miedo no invalida el coraje; en realidad, lo hace posible. No calificamos como valiente una acci\u00f3n que no implica ning\u00fan riesgo, conflicto o dificultad para quien la realiza. La valent\u00eda aparece cuando existe una fuerza que invita a retroceder y, aun as\u00ed, decidimos avanzar.<\/p>\n<p data-start=\"4921\" data-end=\"5402\">Es importante comprender que una persona valiente no es aquella que nunca teme. Puede sentir el coraz\u00f3n acelerado, anticipar consecuencias negativas, dudar de s\u00ed misma o experimentar un intenso deseo de evitar la situaci\u00f3n; de hecho, muchas de las personas m\u00e1s valientes experimentan el miedo con gran intensidad. La diferencia es que no permiten que ese miedo tome todas las decisiones. Lo escuchan, lo reconocen y, aun as\u00ed, eligen avanzar hacia aquello que consideran importante.<\/p>\n<p data-start=\"5404\" data-end=\"5668\">La valent\u00eda no consiste en ignorar el peligro real, exponernos a situaciones da\u00f1inas o soportar aquello que destruye nuestra dignidad. Alejarnos, protegernos, denunciar, pedir apoyo o reconocer que una situaci\u00f3n nos supera pueden ser actos profundamente valientes.<\/p>\n<p data-start=\"5670\" data-end=\"5976\">El coraje necesita una direcci\u00f3n. Podemos atravesar una conversaci\u00f3n dif\u00edcil porque valoramos la honestidad; terminar una relaci\u00f3n porque valoramos el respeto; pedir ayuda porque valoramos nuestra salud; iniciar un proyecto porque valoramos la creatividad; o defender una idea porque valoramos la justicia.<\/p>\n<p data-start=\"5978\" data-end=\"6300\">La valent\u00eda aparece cuando el miedo contin\u00faa presente, pero algo m\u00e1s importante nos orienta. En otras palabras, la ausencia de miedo no genera valent\u00eda. Es la decisi\u00f3n consciente de actuar -a pesar del miedo- la que fortalece nuestra capacidad de adaptaci\u00f3n y contribuye a desarrollar un cerebro m\u00e1s flexible y resiliente.<\/p>\n<h2><strong>La valent\u00eda no es ausencia de miedo.<\/strong><\/h2>\n<p data-start=\"6344\" data-end=\"6628\">Con frecuencia creemos que debemos esperar a sentir seguridad antes de actuar. Pensamos que hablaremos cuando desaparezcan los nervios, cambiaremos cuando tengamos plena confianza, o comenzaremos cuando dejemos de sentir dudas. Sin embargo, ese momento perfecto puede no llegar jam\u00e1s.<\/p>\n<p data-start=\"6630\" data-end=\"6845\">Cada vez que evitamos una situaci\u00f3n que nos asusta, nuestro cerebro interpreta que la huida ha sido la responsable de mantenernos a salvo. El mensaje que recibe es muy sencillo: <strong><em>\u201c<\/em><\/strong><strong><em>has sobrevivido porque escapaste.\u201d<\/em><\/strong><\/p>\n<p data-start=\"6847\" data-end=\"7161\">Como consecuencia, la pr\u00f3xima vez que aparezca una situaci\u00f3n similar, la respuesta de miedo tender\u00e1 a activarse con mayor rapidez e intensidad. La evitaci\u00f3n produce un alivio inmediato; pero tambi\u00e9n, refuerza el circuito neuronal del miedo, haciendo que este gane cada vez m\u00e1s influencia sobre nuestras decisiones.<\/p>\n<p data-start=\"7163\" data-end=\"7594\">Por el contrario, cuando afrontamos -de forma gradual- aquello que tememos, aunque sintamos nerviosismo o incertidumbre, el cerebro comienza a recopilar una informaci\u00f3n diferente: descubre que es posible atravesar esa experiencia, sin que ocurra la cat\u00e1strofe que anticipaba. Poco a poco, la sensaci\u00f3n de amenaza disminuye, aumenta la confianza y se crean nuevas conexiones neuronales que favorecen una mayor resiliencia emocional.<\/p>\n<p data-start=\"7596\" data-end=\"8002\">Una de las aportaciones m\u00e1s interesantes de la Terapia de Aceptaci\u00f3n y Compromiso <em data-start=\"7678\" data-end=\"7720\">(Acceptance and<\/em><em> Commitment Therapy, ACT)<\/em>, una de las corrientes psicol\u00f3gicas con mayor respaldo cient\u00edfico en la actualidad, es la idea de que una vida valiosa no exige eliminar primero todas las emociones desagradables. Podemos reconocer el miedo, permitir su presencia y seguir actuando de acuerdo con nuestros valores.<\/p>\n<p data-start=\"8004\" data-end=\"8299\">Una revisi\u00f3n sistem\u00e1tica y metaan\u00e1lisis publicada en 2024, que reuni\u00f3 67 estudios y m\u00e1s de 9.000 participantes, encontr\u00f3 que las intervenciones basadas en ACT aumentaban la flexibilidad psicol\u00f3gica, la aceptaci\u00f3n y la acci\u00f3n comprometida, al tiempo que reduc\u00edan la evitaci\u00f3n experiencial y el malestar psicol\u00f3gico.<\/p>\n<p data-start=\"8301\" data-end=\"8645\">Esta flexibilidad constituye una forma cotidiana de valent\u00eda, no implica resignarnos. Implica dejar de invertir toda nuestra energ\u00eda en luchar contra lo que sentimos y comenzar a utilizarla para decidir qu\u00e9 queremos hacer con ello. Podemos sentir miedo y hablar, sentir inseguridad y avanzar, sentir tristeza y cuidarnos, sentir dudas y elegir.<\/p>\n<p data-start=\"8647\" data-end=\"8933\">Por eso la valent\u00eda no es \u00fanicamente una cualidad personal o una virtud moral. Tambi\u00e9n es un aut\u00e9ntico entrenamiento cerebral. Cada peque\u00f1o acto valiente contribuye a remodelar nuestro cerebro, ense\u00f1\u00e1ndole que el miedo puede acompa\u00f1arnos sin convertirse en quien decide nuestro destino.<\/p>\n<p data-start=\"8935\" data-end=\"9229\">Porque cuando afrontamos esa situaci\u00f3n de forma progresiva, sucede justo lo contrario. La am\u00edgdala cerebral, uno de los principales centros implicados en la detecci\u00f3n de amenazas, reduce progresivamente su respuesta, mientras que la corteza prefrontal gana capacidad para regular las emociones.<\/p>\n<p data-start=\"9231\" data-end=\"9370\">Este proceso, conocido como <a href=\"https:\/\/pmc.ncbi.nlm.nih.gov\/articles\/PMC13303500\/\" target=\"_blank\" rel=\"noopener\">aprendizaje por extinci\u00f3n del miedo<\/a>, constituye uno de los pilares de muchas <a href=\"https:\/\/pmc.ncbi.nlm.nih.gov\/articles\/PMC13303500\/\" target=\"_blank\" rel=\"noopener\">terapias psicol\u00f3gicas actuales<\/a>.<\/p>\n<h2><strong>El experimento que permiti\u00f3 observar<\/strong><strong> la valent\u00eda en el cerebro<\/strong><\/h2>\n<p data-start=\"9481\" data-end=\"9631\">En 2010, un equipo del <strong><em><a href=\"https:\/\/pubmed.ncbi.nlm.nih.gov\/20620879\" target=\"_blank\" rel=\"noopener\">Instituto Weizmann<\/a><\/em><\/strong> realiz\u00f3 uno de los experimentos m\u00e1s interesantes sobre la neurobiolog\u00eda del coraje. Las personas participantes se introdujeron en un esc\u00e1ner de resonancia magn\u00e9tica mientras observaban c\u00f3mo una serpiente viva avanzaba sobre una cinta transportadora hacia su cabeza. Algunas de ellas manifestaban un miedo intenso a las serpientes y, en cada momento, pod\u00edan elegir entre dejar que se acercase el animal o alejarse. Los investigadores consideraron actos de valent\u00eda aquellos en los que un participante decid\u00eda acercar la serpiente, a pesar de estar experimentando un nivel elevado de miedo.<\/p>\n<p data-start=\"10140\" data-end=\"10443\">La neuroimagen mostr\u00f3 que estas decisiones se relacionaban con una mayor actividad en la corteza cingulada anterior subgenual y en el polo temporal derecho. Dicha actividad se asociaba con la capacidad de actuar, pese al miedo, y con la modulaci\u00f3n de las respuestas corporales, vinculadas a la amenaza.<\/p>\n<p data-start=\"10445\" data-end=\"10812\">El hallazgo es especialmente relevante porque demuestra que la valent\u00eda no es simplemente sentir menos miedo. Algunas personas participantes segu\u00edan experiment\u00e1ndolo con intensidad; lo que cambiaba era su capacidad para actuar en direcci\u00f3n contraria al impulso de retirada. El cerebro no estaba borrando la emoci\u00f3n, estaba generando una respuesta nueva frente a ella.<\/p>\n<p data-start=\"10814\" data-end=\"11008\">Este estudio abri\u00f3 una ventana extraordinaria: la valent\u00eda puede observarse como un proceso cerebral real, en el que distintas redes colaboran para transformar el miedo en una acci\u00f3n voluntaria.<\/p>\n<h2><strong>Miedo y valent\u00eda: dos procesos que<\/strong><strong> pueden convivir<\/strong><\/h2>\n<p data-start=\"11066\" data-end=\"11295\">El miedo es una respuesta adaptativa. Nos ayuda a detectar peligros, moviliza energ\u00eda, aumenta la atenci\u00f3n y prepara al organismo para responder. Sin \u00e9l asumir\u00edamos riesgos innecesarios y tendr\u00edamos dificultades para protegernos.<\/p>\n<p data-start=\"11297\" data-end=\"11483\">La valent\u00eda no pretende destruir ese sistema, lo complementa. El miedo pregunta: <em data-start=\"11378\" data-end=\"11404\">\u201c\u00bfQu\u00e9 podr\u00eda salir mal?\u201d<\/em>. La valent\u00eda a\u00f1ade otra pregunta: <em data-start=\"11439\" data-end=\"11483\">\u201c\u00bfQu\u00e9<\/em><em> podr\u00eda perder si nunca lo intento?\u201d.<\/em><\/p>\n<p data-start=\"11485\" data-end=\"11831\">Una vida dirigida exclusivamente por la amenaza termina reduci\u00e9ndose. Evitamos conflictos, relaciones, oportunidades, decisiones, cambios y experiencias que podr\u00edan ayudarnos a crecer. La valent\u00eda introduce la posibilidad de que la seguridad no consista \u00fanicamente en retirarnos, sino tambi\u00e9n en descubrir que podemos afrontar aquello que sucede.<\/p>\n<h2><strong>Evitar alivia hoy, pero puede<\/strong><strong> aumentar el miedo de ma\u00f1ana<\/strong><\/h2>\n<p data-start=\"11896\" data-end=\"12016\">Cada vez que evitamos algo que nos produce ansiedad sentimos un alivio inmediato. Ese alivio act\u00faa como una recompensa.<\/p>\n<p data-start=\"12018\" data-end=\"12240\">Imaginemos que una persona teme expresar una necesidad. Decide callar y la tensi\u00f3n disminuye. A corto plazo se siente m\u00e1s tranquila, pero el mensaje aprendido es: <em data-start=\"12181\" data-end=\"12240\">\u201cHablar era peligroso. Guardar silencio me ha protegido\u201d.<\/em><\/p>\n<p data-start=\"12242\" data-end=\"12323\">La siguiente vez sentir\u00e1 m\u00e1s miedo y as\u00ed la evitaci\u00f3n va construyendo un c\u00edrculo:<\/p>\n<ul>\n<li data-start=\"12325\" data-end=\"12354\">aparece la amenaza;<\/li>\n<li data-start=\"12356\" data-end=\"12388\">evitamos la situaci\u00f3n;<\/li>\n<li data-start=\"12390\" data-end=\"12422\">experimentamos alivio;<\/li>\n<li data-start=\"12424\" data-end=\"12483\">el cerebro interpreta que la evitaci\u00f3n nos salv\u00f3;<\/li>\n<li data-start=\"12485\" data-end=\"12516\">el miedo gana fuerza.<\/li>\n<\/ul>\n<p data-start=\"12518\" data-end=\"12774\">Afrontar gradualmente aquello que tememos produce un aprendizaje diferente. El cerebro comprueba que la ansiedad puede aumentar y despu\u00e9s disminuir; que somos capaces de permanecer frente al temor y que muchas consecuencias anticipadas no llegan a suceder.<\/p>\n<p data-start=\"12776\" data-end=\"12992\">Este proceso se relaciona con la extinci\u00f3n del miedo. La memoria antigua no siempre desaparece por completo, pero se crea una nueva informaci\u00f3n capaz de competir con ella: <em data-start=\"12948\" data-end=\"12991\">\u00abesta situaci\u00f3n tambi\u00e9n puede superarse\u00bb.<\/em><\/p>\n<p data-start=\"12994\" data-end=\"13063\">Cada peque\u00f1o acto valiente a\u00f1ade una experiencia a esa nueva memoria.<\/p>\n<p>\t\t\t\t\t\t\t\t\t\t\t\t\t\t\t<img decoding=\"async\" width=\"1024\" height=\"1024\" src=\"https:\/\/emocosmetica.com\/wp-content\/uploads\/2026\/09\/valentia-cerebro-neurociencia-emocosmetica-1024x1024.webp\" alt=\"Valent\u00eda transforma tu cerebro mediante aprendizaje y neuroplasticidad\" srcset=\"https:\/\/emocosmetica.com\/wp-content\/uploads\/2026\/09\/valentia-cerebro-neurociencia-emocosmetica-1024x1024.webp 1024w, https:\/\/emocosmetica.com\/wp-content\/uploads\/2026\/09\/valentia-cerebro-neurociencia-emocosmetica-300x300.webp 300w, https:\/\/emocosmetica.com\/wp-content\/uploads\/2026\/09\/valentia-cerebro-neurociencia-emocosmetica-150x150.webp 150w, https:\/\/emocosmetica.com\/wp-content\/uploads\/2026\/09\/valentia-cerebro-neurociencia-emocosmetica-768x768.webp 768w, https:\/\/emocosmetica.com\/wp-content\/uploads\/2026\/09\/valentia-cerebro-neurociencia-emocosmetica-600x600.webp 600w, https:\/\/emocosmetica.com\/wp-content\/uploads\/2026\/09\/valentia-cerebro-neurociencia-emocosmetica-100x100.webp 100w, https:\/\/emocosmetica.com\/wp-content\/uploads\/2026\/09\/valentia-cerebro-neurociencia-emocosmetica-64x64.webp 64w, https:\/\/emocosmetica.com\/wp-content\/uploads\/2026\/09\/valentia-cerebro-neurociencia-emocosmetica.webp 1200w\" sizes=\"(max-width: 1024px) 100vw, 1024px\" \/>\t\t\t\t\t\t\t\t\t\t\t\t\t\t\t<\/p>\n<h2><strong>La neuroplasticidad: el cerebro<\/strong><strong> aprende de cada paso<\/strong><\/h2>\n<p data-start=\"13123\" data-end=\"13301\">El cerebro posee una extraordinaria capacidad para modificar sus conexiones y patrones de actividad en respuesta a la experiencia. Esta propiedad se conoce como neuroplasticidad.<\/p>\n<p>Cada vez que repetimos una conducta, las redes neuronales relacionadas con ella vuelven a activarse. Con la pr\u00e1ctica, algunas conexiones se fortalecen y determinadas respuestas comienzan a resultar m\u00e1s habituales.<\/p>\n<p>Si respondemos siempre al miedo retir\u00e1ndonos, entrenamos la evitaci\u00f3n. Si aprendemos a detenernos, regularnos y dar un paso proporcionado hacia aquello que valoramos, entrenamos una alternativa.<\/p>\n<p>Un \u00fanico acto no transforma de manera permanente el cerebro; sin embargo, cada experiencia aporta informaci\u00f3n, y su repetici\u00f3n consolida formas nuevas de responder.<\/p>\n<p>Al principio, poner un l\u00edmite puede exigir un enorme esfuerzo, pero despu\u00e9s de varias experiencias, el cuerpo contin\u00faa activ\u00e1ndose, y la persona dispone de una memoria diferente: <em data-start=\"14059\" data-end=\"14113\">\u201cYa lo hice antes, fue dif\u00edcil, pero pude <\/em><em>lograrlo\u201d.<\/em><\/p>\n<p>Con el tiempo, aquello que parec\u00eda imposible comienza a sentirse familiar. El miedo deja de ser una orden y se convierte en una se\u00f1al que podemos escuchar, interpretar y decidir si seguir. La valent\u00eda pasa entonces de ser un momento excepcional para convertirse en una forma de relacionarnos con la incertidumbre.<\/p>\n<h2><strong>La valent\u00eda nos protege frente al<\/strong><strong> estr\u00e9s<\/strong><\/h2>\n<p data-start=\"14476\" data-end=\"14786\"><a href=\"https:\/\/emocosmetica.com\/post\/alostasis-y-cosmetica-neuroemocional\">El estr\u00e9s no siempre es negativo.<\/a> Una activaci\u00f3n breve puede aumentar la atenci\u00f3n, movilizar energ\u00eda y preparar al sistema inmunitario para responder ante un desaf\u00edo. El problema aparece cuando la amenaza se mantiene durante demasiado tiempo y el organismo no dispone de suficiente tiempo de recuperaci\u00f3n.<\/p>\n<p data-start=\"14788\" data-end=\"15100\">La valent\u00eda desempe\u00f1a un papel interesante en esta diferencia. Cuando una persona se siente atrapada, indefensa o incapaz de actuar, la situaci\u00f3n se percibe m\u00e1s amenazante. En cambio, cuando descubre que posee recursos, puede pedir ayuda y tiene capacidad para tomar decisiones, la experiencia del estr\u00e9s<br \/>cambia.<\/p>\n<p data-start=\"15102\" data-end=\"15439\"><a href=\"https:\/\/doi.org\/10.3389\/fpsyg.2022.961387\" target=\"_blank\" rel=\"noopener\">Un estudio realizado con 1.761 personas empleadas en ocupaciones de alto riesgo<\/a> encontr\u00f3 que un mayor nivel de coraje psicol\u00f3gico se relacionaba con un menor estr\u00e9s percibido. Los sistemas de inhibici\u00f3n y activaci\u00f3n conductual parec\u00edan participar en esa relaci\u00f3n, lo que sugiere que la valent\u00eda ayuda a pasar de la paralizaci\u00f3n a una respuesta m\u00e1s activa frente a la dificultad.<\/p>\n<p>Investigaciones posteriores han encontrado asociaciones entre valent\u00eda psicol\u00f3gica, satisfacci\u00f3n laboral, sentido del trabajo, bienestar y menor estr\u00e9s percibido. Un estudio longitudinal publicado en 2026, con 516 participantes, plante\u00f3 adem\u00e1s que el coraje amortigua parte del estr\u00e9s asociado a una elevada sensibilidad al castigo o a la amenaza.<\/p>\n<p>Estos resultados no significan que debamos enfrentarnos continuamente a situaciones estresantes. Nos muestra los beneficios de sentir que podemos actuar, elegir y avanzar para modificar la manera en que vivimos un desaf\u00edo. La valent\u00eda no elimina el esfuerzo, pero evita que la impotencia sea la \u00fanica respuesta disponible.<\/p>\n<p>\t\t\t\t\t\t\t\t\t\t\t\t\t\t\t<img decoding=\"async\" width=\"1024\" height=\"1024\" src=\"https:\/\/emocosmetica.com\/wp-content\/uploads\/2026\/09\/neurotransmisores-valentia-cerebro-1024x1024.webp\" alt=\"Representaci\u00f3n de neurotransmisores y actividad neuronal relacionada con la valent\u00eda\" srcset=\"https:\/\/emocosmetica.com\/wp-content\/uploads\/2026\/09\/neurotransmisores-valentia-cerebro-1024x1024.webp 1024w, https:\/\/emocosmetica.com\/wp-content\/uploads\/2026\/09\/neurotransmisores-valentia-cerebro-300x300.webp 300w, https:\/\/emocosmetica.com\/wp-content\/uploads\/2026\/09\/neurotransmisores-valentia-cerebro-150x150.webp 150w, https:\/\/emocosmetica.com\/wp-content\/uploads\/2026\/09\/neurotransmisores-valentia-cerebro-768x768.webp 768w, https:\/\/emocosmetica.com\/wp-content\/uploads\/2026\/09\/neurotransmisores-valentia-cerebro-600x600.webp 600w, https:\/\/emocosmetica.com\/wp-content\/uploads\/2026\/09\/neurotransmisores-valentia-cerebro-100x100.webp 100w, https:\/\/emocosmetica.com\/wp-content\/uploads\/2026\/09\/neurotransmisores-valentia-cerebro-64x64.webp 64w, https:\/\/emocosmetica.com\/wp-content\/uploads\/2026\/09\/neurotransmisores-valentia-cerebro.webp 1200w\" sizes=\"(max-width: 1024px) 100vw, 1024px\" \/>\t\t\t\t\t\t\t\t\t\t\t\t\t\t\t<\/p>\n<h2><strong>La qu\u00edmica cerebral de la valent\u00eda<\/strong><\/h2>\n<p data-start=\"16154\" data-end=\"16645\">Cuando hablamos de valent\u00eda, solemos pensar en una cualidad del car\u00e1cter; sin embargo, la realidad es que cada decisi\u00f3n valiente pone en marcha una aut\u00e9ntica orquesta de procesos biol\u00f3gicos. No existe un \u00fanico &#8220;neurotransmisor de la valent\u00eda&#8221;. Lo que s\u00ed sabemos es que cuando decidimos avanzar en lugar de evitar, distintas sustancias qu\u00edmicas del cerebro trabajan de forma coordinada para ayudarnos a afrontar el desaf\u00edo, aprender de la experiencia y adaptarnos mejor a situaciones futuras.<\/p>\n<p data-start=\"16154\" data-end=\"16645\">Con el tiempo, estos cambios modifican c\u00f3mo nos sentimos y c\u00f3mo responde nuestro cerebro ante nuevos retos. Cada peque\u00f1o acto de valent\u00eda deja una huella que facilita el siguiente.<\/p>\n<p data-start=\"16154\" data-end=\"16645\">\u00a0<\/p>\n<h2><strong>Dopamina: la motivaci\u00f3n para avanzar<\/strong><\/h2>\n<p data-start=\"16871\" data-end=\"16981\">La dopamina suele conocerse como el neurotransmisor del placer, pero en realidad su papel es mucho m\u00e1s amplio. Participa en la motivaci\u00f3n, la b\u00fasqueda de objetivos y el aprendizaje a partir de la diferencia entre lo que esper\u00e1bamos y lo que finalmente sucede. Cuando damos un paso dif\u00edcil y comprobamos que la experiencia ha sido m\u00e1s manejable de lo previsto, el cerebro actualiza sus expectativas.<\/p>\n<p data-start=\"17272\" data-end=\"17469\">Quiz\u00e1 pens\u00e1bamos que expresar una opini\u00f3n producir\u00eda un rechazo absoluto y descubrimos que fuimos escuchadas. Quiz\u00e1 tem\u00edamos no poder soportar una conversaci\u00f3n y comprobamos que pudimos mantenerla.<\/p>\n<p data-start=\"17471\" data-end=\"17737\">Curiosamente, la dopamina no aumenta \u00fanicamente cuando alcanzamos una meta. Tambi\u00e9n se libera cuando nuestro cerebro percibe que estamos progresando hacia ella. Es decir, basta con dar un peque\u00f1o paso en la direcci\u00f3n correcta para activar este sistema de recompensa.<\/p>\n<p>Por eso, la valent\u00eda funciona como un entrenamiento. La primera conversaci\u00f3n dif\u00edcil puede resultar abrumadora. La segunda contin\u00faa siendo inc\u00f3moda. Pero, poco a poco, el cerebro empieza a asociar esos peque\u00f1os avances con una sensaci\u00f3n de logro, haciendo que el siguiente paso resulte m\u00e1s natural y menos amenazante.<\/p>\n<p>En otras palabras, gracias a la dopamina, cada peque\u00f1o acto valiente facilita el siguiente.<\/p>\n<p data-start=\"18151\" data-end=\"18204\"><strong data-start=\"18151\" data-end=\"18204\">\u00a0<\/strong><\/p>\n<h2><strong>Noradrenalina: energ\u00eda y atenci\u00f3n ante<\/strong><strong> el desaf\u00edo<\/strong><\/h2>\n<p data-start=\"18206\" data-end=\"18482\">Cuando aparece un reto, el cerebro necesita activar el organismo para responder con rapidez. Aqu\u00ed entra en juego la noradrenalina, un neurotransmisor que aumenta nuestro estado de alerta, prepara al cuerpo para actuar y dirige la atenci\u00f3n hacia aquello que resulta importante. Ante un reto, favorece:<\/p>\n<ul>\n<li data-start=\"18518\" data-end=\"18542\">concentraci\u00f3n;<\/li>\n<li data-start=\"18544\" data-end=\"18575\">rapidez de respuesta;<\/li>\n<li data-start=\"18577\" data-end=\"18598\">vigilancia;<\/li>\n<li data-start=\"18600\" data-end=\"18629\">toma de decisiones;<\/li>\n<li data-start=\"18631\" data-end=\"18665\">movilizaci\u00f3n de energ\u00eda.<\/li>\n<\/ul>\n<p>Gracias a ella, podemos reaccionar con eficacia ante situaciones que requieren valent\u00eda: desde hablar en p\u00fablico hasta afrontar una conversaci\u00f3n importante.<\/p>\n<p>El problema surge cuando el miedo mantiene esta activaci\u00f3n durante demasiado tiempo. Entonces, la noradrenalina deja de ser una aliada y aparece la sensaci\u00f3n de tensi\u00f3n constante, dificultad para desconectar, irritabilidad o agotamiento f\u00edsico y mental. La diferencia no est\u00e1 en sentir activaci\u00f3n, sino en que el organismo sea capaz de volver al equilibrio, una vez superado el desaf\u00edo.<\/p>\n<p data-start=\"19213\" data-end=\"19274\"><strong data-start=\"19213\" data-end=\"19274\">\u00a0<\/strong><\/p>\n<h2><strong>Serotonina:<\/strong><strong> regulaci\u00f3n emocional y aprendizaje del miedo.<\/strong><\/h2>\n<p data-start=\"19276\" data-end=\"19562\">La serotonina participa en numerosos procesos relacionados con el estado de \u00e1nimo, la regulaci\u00f3n emocional, el sue\u00f1o y la sensaci\u00f3n de bienestar. Los estudios sobre condicionamiento muestran que el sistema serotonin\u00e9rgico interviene tanto en la expresi\u00f3n como en la extinci\u00f3n del miedo.<\/p>\n<p>No aumenta de forma inmediata por realizar un acto valiente. Su influencia es mucho m\u00e1s sutil y profunda. A medida que acumulamos experiencias en las que comprobamos que somos capaces de afrontar situaciones dif\u00edciles, crece nuestra autoeficacia; es decir, la confianza en nuestra propia capacidad para resolver los retos de la vida.<\/p>\n<p>Esa percepci\u00f3n m\u00e1s positiva de ti, favorece una mayor estabilidad emocional, reduce la tendencia al miedo anticipatorio y hace que las futuras decisiones se tomen desde un lugar de mayor serenidad.<\/p>\n<p>La verdadera valent\u00eda no consiste \u00fanicamente en vencer un miedo concreto, sino en transformar, poco a poco, la imagen que tenemos de nuestra personalidad.<\/p>\n<p data-start=\"20254\" data-end=\"20313\"><strong data-start=\"20254\" data-end=\"20313\">\u00a0<\/strong><\/p>\n<h2><strong>Oxitocina: la valent\u00eda tambi\u00e9n se construye<\/strong><strong> en compa\u00f1\u00eda<\/strong><\/h2>\n<p data-start=\"20315\" data-end=\"20449\">Aunque solemos imaginar la valent\u00eda como un acto individual, la realidad es que pocas personas desarrollan coraje completamente solas. Cuando la persona se siente acompa\u00f1ada, escuchada o comprendida, aumenta la liberaci\u00f3n de oxitocina, una hormona relacionada con el apego, la confianza y la seguridad emocional.<\/p>\n<p>Diversas investigaciones muestran que el apoyo social reduce la percepci\u00f3n subjetiva de amenaza y modula la respuesta del organismo frente al estr\u00e9s. Dicho de otra forma, un mismo reto puede parecernos mucho menos dif\u00edcil cuando sentimos que alguien camina a nuestro lado.<\/p>\n<p>Una conversaci\u00f3n dif\u00edcil parece menos amenazante cuando sabemos que despu\u00e9s podremos llamar a alguien; una enfermedad se afrontar de otra manera cuando sentimos acompa\u00f1amiento; o una decisi\u00f3n se hace posible cuando otra persona cree en nuestro potencial antes de que podamos hacerlo por completo. Por eso, compartir nuestros miedos nos proporciona consuelo psicol\u00f3gico y produce cambios biol\u00f3gicos que ayudan al cerebro a afrontar mejor la situaci\u00f3n.<\/p>\n<p data-start=\"21356\" data-end=\"21414\"><strong data-start=\"21356\" data-end=\"21414\">\u00a0<\/strong><\/p>\n<h2><strong>Endorfinas: alivio y recuperaci\u00f3n despu\u00e9s<\/strong><strong> del esfuerzo<\/strong><\/h2>\n<p data-start=\"21416\" data-end=\"21572\">Las endorfinas y otros opioides end\u00f3genos participan en la regulaci\u00f3n del dolor, la respuesta al estr\u00e9s y la recuperaci\u00f3n despu\u00e9s de experiencias exigentes.<\/p>\n<p>Muchas personas describen una curiosa sensaci\u00f3n despu\u00e9s de superar un reto importante. Hablan de alivio, calma, satisfacci\u00f3n e incluso una ligera euforia. En esta respuesta participan las endorfinas, sustancias producidas por nuestro propio organismo que act\u00faan como analg\u00e9sicos naturales y favorecen una profunda sensaci\u00f3n de bienestar.<\/p>\n<p>Su funci\u00f3n adem\u00e1s de hacernos sentir mejor tambi\u00e9n ayuda a reducir la percepci\u00f3n del dolor f\u00edsico y emocional, favoreciendo la recuperaci\u00f3n despu\u00e9s de un esfuerzo intenso. Es como si el propio organismo premiara el hecho de haber atravesado una experiencia dif\u00edcil sin rendirse.<\/p>\n<h2><strong>La valent\u00eda tambi\u00e9n afecta a nuestro<\/strong><strong> estado de \u00e1nimo<\/strong><\/h2>\n<p data-start=\"22252\" data-end=\"22486\">Ninguno de estos neurotransmisores act\u00faa de forma aislada. Dopamina, noradrenalina, serotonina, oxitocina y endorfinas forman parte de una compleja red, que trabaja de manera coordinada, para ayudarnos a aprender, adaptarnos y crecer.<\/p>\n<p data-start=\"22488\" data-end=\"22712\">Cada peque\u00f1o acto valiente modifica esa red de conexiones. Con el tiempo, el cerebro aprende que muchas de las amenazas que imaginaba eran, en realidad, desaf\u00edos que pod\u00eda superar. Ese aprendizaje trasciende lo psicol\u00f3gico.<\/p>\n<p>Hoy sabemos que el cerebro, el sistema inmunitario y el sistema endocrino mantienen una comunicaci\u00f3n constante. Por ello, desarrollar una mayor resiliencia emocional influye en c\u00f3mo pensamos o sentimos; y, tambi\u00e9n, en procesos biol\u00f3gicos relacionados con la inflamaci\u00f3n, la reparaci\u00f3n de los tejidos y el envejecimiento celular.<\/p>\n<p>Quiz\u00e1 por eso, la valent\u00eda no s\u00f3lo transforma nuestra forma de vivir, sino que se convierte, poco a poco, en una aliada silenciosa de nuestra salud.<\/p>\n<h2><strong>\u00bfQu\u00e9 relaci\u00f3n existe entre la valent\u00eda<\/strong><strong> y la piel?<\/strong><\/h2>\n<p data-start=\"23249\" data-end=\"23322\">Mucho m\u00e1s de lo que imaginamos. <a href=\"https:\/\/emocosmetica.com\/post\/conexion-neurocutanea\/\">La piel y el cerebro comparten un mismo origen embrionario<\/a>. Hoy sabemos que nuestras emociones y la piel mantienen una comunicaci\u00f3n continua, mediante hormonas, neurotransmisores, neurop\u00e9ptidos y mediadores inflamatorios. Esta conexi\u00f3n constituye la base de la <a href=\"https:\/\/onlinelibrary.wiley.com\/doi\/full\/10.1111\/ddg.14328\" target=\"_blank\" rel=\"noopener\">psicodermatolog\u00eda moderna<\/a>. (Wiley Online Library)<\/p>\n<p>Cuando vivimos durante meses o a\u00f1os bajo un estado continuo de amenaza aparecen diversos cambios:<\/p>\n<ul>\n<li data-start=\"23729\" data-end=\"23769\">Aumento mantenido del cortisol<\/li>\n<li data-start=\"23771\" data-end=\"23813\">Deterioro de la funci\u00f3n barrera;<\/li>\n<li data-start=\"23815\" data-end=\"23872\">Incremento de la p\u00e9rdida de agua transepid\u00e9rmica<\/li>\n<li data-start=\"23874\" data-end=\"23917\">Retraso en la reparaci\u00f3n cut\u00e1nea;<\/li>\n<li data-start=\"23919\" data-end=\"23972\">Modificaciones de la respuesta inmunitaria;<\/li>\n<li data-start=\"23974\" data-end=\"24031\">Aumento de determinados procesos inflamatorios;<\/li>\n<li data-start=\"24033\" data-end=\"24124\">Empeoramiento de dermatitis, psoriasis, acn\u00e9 o urticaria en personas predispuestas<\/li>\n<\/ul>\n<p>Por el contrario, desarrollar recursos psicol\u00f3gicos que disminuyan el estr\u00e9s favorece un entorno fisiol\u00f3gico m\u00e1s equilibrado para la piel, y la valent\u00eda, entendida como la capacidad de afrontar la vida en lugar de evitarla, forma parte de esos recursos.<\/p>\n<p>Por tanto, su influencia aparece a trav\u00e9s del estr\u00e9s, los h\u00e1bitos, la percepci\u00f3n de control, la calidad del descanso, el autocuidado y la capacidad para abandonar situaciones que mantienen al organismo en alerta.<\/p>\n<p>Un experimento realizado con personas sanas observ\u00f3 que una situaci\u00f3n de estr\u00e9s psicol\u00f3gico retrasaba la recuperaci\u00f3n de la barrera cut\u00e1nea y aumentaba el cortisol, la noradrenalina y diferentes mediadores inmunitarios.<\/p>\n<p>Cuando aprendemos a afrontar aquello que nos mantiene en tensi\u00f3n, establecer l\u00edmites, pedir ayuda o abandonar una situaci\u00f3n da\u00f1ina, podemos reducir gran parte de la carga emocional negativa.<\/p>\n<p>\t\t\t\t\t\t\t\t\t\t\t\t\t\t\t<img loading=\"lazy\" decoding=\"async\" width=\"1024\" height=\"1024\" src=\"https:\/\/emocosmetica.com\/wp-content\/uploads\/2026\/09\/valentia-belleza-coherencia-emocional-1024x1024.webp\" alt=\"Mujer serena entre telas rojas representando valent\u00eda y belleza emocional\" srcset=\"https:\/\/emocosmetica.com\/wp-content\/uploads\/2026\/09\/valentia-belleza-coherencia-emocional-1024x1024.webp 1024w, https:\/\/emocosmetica.com\/wp-content\/uploads\/2026\/09\/valentia-belleza-coherencia-emocional-300x300.webp 300w, https:\/\/emocosmetica.com\/wp-content\/uploads\/2026\/09\/valentia-belleza-coherencia-emocional-150x150.webp 150w, https:\/\/emocosmetica.com\/wp-content\/uploads\/2026\/09\/valentia-belleza-coherencia-emocional-768x768.webp 768w, https:\/\/emocosmetica.com\/wp-content\/uploads\/2026\/09\/valentia-belleza-coherencia-emocional-600x600.webp 600w, https:\/\/emocosmetica.com\/wp-content\/uploads\/2026\/09\/valentia-belleza-coherencia-emocional-100x100.webp 100w, https:\/\/emocosmetica.com\/wp-content\/uploads\/2026\/09\/valentia-belleza-coherencia-emocional-64x64.webp 64w, https:\/\/emocosmetica.com\/wp-content\/uploads\/2026\/09\/valentia-belleza-coherencia-emocional.webp 1200w\" sizes=\"(max-width: 1024px) 100vw, 1024px\" \/>\t\t\t\t\t\t\t\t\t\t\t\t\t\t\t<\/p>\n<h2><strong>La belleza tambi\u00e9n nace de la<\/strong><strong> coherencia<\/strong><\/h2>\n<p data-start=\"25052\" data-end=\"25489\">Existe un concepto muy estudiado en psicolog\u00eda llamado autoeficacia, desarrollado por <em data-start=\"25138\" data-end=\"25154\">Albert Bandura<\/em>. Hace referencia a la confianza que una persona desarrolla cuando comprueba que puede afrontar situaciones dif\u00edciles y que cada acto valiente incrementa esa percepci\u00f3n. Esa seguridad termina reflej\u00e1ndose en la postura corporal, la expresi\u00f3n facial, el tono de voz, la manera de relacionarnos e incluso en c\u00f3mo cuidamos nuestro cuerpo.<\/p>\n<p>La verdadera belleza rara vez nace de la perfecci\u00f3n. Con frecuencia nace de la coherencia entre lo que sentimos y c\u00f3mo vivimos.<\/p>\n<p>\t\t\t\t\t\t\t\t\t\t\t\t\t\t\t<img loading=\"lazy\" decoding=\"async\" width=\"1024\" height=\"1024\" src=\"https:\/\/emocosmetica.com\/wp-content\/uploads\/2026\/09\/terapia-floral-valentia-emocosmetica-1024x1024.webp\" alt=\"Flores utilizadas para representar terapia floral y equilibrio emocional\" srcset=\"https:\/\/emocosmetica.com\/wp-content\/uploads\/2026\/09\/terapia-floral-valentia-emocosmetica-1024x1024.webp 1024w, https:\/\/emocosmetica.com\/wp-content\/uploads\/2026\/09\/terapia-floral-valentia-emocosmetica-300x300.webp 300w, https:\/\/emocosmetica.com\/wp-content\/uploads\/2026\/09\/terapia-floral-valentia-emocosmetica-150x150.webp 150w, https:\/\/emocosmetica.com\/wp-content\/uploads\/2026\/09\/terapia-floral-valentia-emocosmetica-768x768.webp 768w, https:\/\/emocosmetica.com\/wp-content\/uploads\/2026\/09\/terapia-floral-valentia-emocosmetica-600x600.webp 600w, https:\/\/emocosmetica.com\/wp-content\/uploads\/2026\/09\/terapia-floral-valentia-emocosmetica-100x100.webp 100w, https:\/\/emocosmetica.com\/wp-content\/uploads\/2026\/09\/terapia-floral-valentia-emocosmetica-64x64.webp 64w, https:\/\/emocosmetica.com\/wp-content\/uploads\/2026\/09\/terapia-floral-valentia-emocosmetica.webp 1200w\" sizes=\"(max-width: 1024px) 100vw, 1024px\" \/>\t\t\t\t\t\t\t\t\t\t\t\t\t\t\t<\/p>\n<h2><strong>Terapia floral contempor\u00e1nea: un<\/strong><strong> lenguaje emocional de la naturaleza<\/strong><\/h2>\n<p data-start=\"28263\" data-end=\"28416\">Desde hace d\u00e9cadas existen diferentes sistemas de esencias florales que proponen una relaci\u00f3n entre determinadas plantas y nuestros estados emocionales.<\/p>\n<p data-start=\"28418\" data-end=\"28765\">Un ensayo cl\u00ednico aleatorizado y controlado con placebo, realizado con 81 personas adultas con sobrepeso u obesidad y ansiedad moderada o elevada, encontr\u00f3 que quienes recibieron terapia floral durante cuatro semanas mostraron mayores reducciones en ansiedad, ingesta compulsiva y frecuencia cardiaca en reposo, adem\u00e1s de una mejor\u00eda del sue\u00f1o frente al placebo.<\/p>\n<p data-start=\"28767\" data-end=\"28951\">Otro estudio aleatorizado con 120 ni\u00f1as y ni\u00f1os de entre cuatro y seis a\u00f1os observ\u00f3 mejoras en determinadas medidas de conducta y frecuencia cardiaca relacionadas con la ansiedad dental tras una dosis de terapia floral.<\/p>\n<p>Una revisi\u00f3n de alcance publicada en 2022 recopil\u00f3 estudios en los que las esencias florales se asociaron con reducciones de ansiedad, miedo, dolor y s\u00edntomas depresivos.<\/p>\n<p>En <strong data-start=\"29126\" data-end=\"29142\">Emocosm\u00e9tica<\/strong> nos inspira esta visi\u00f3n integradora; porque, m\u00e1s all\u00e1 de la interpretaci\u00f3n floral, estas plantas tambi\u00e9n aportan un extraordinario valor cosm\u00e9tico, gracias a sus compuestos arom\u00e1ticos y antioxidantes; convirti\u00e9ndose en un puente entre el cuidado sensorial, el cuidado emocional y el cuidado de la piel.<\/p>\n<h2><strong>Aromas que acompa\u00f1an al sistema<\/strong><strong> nervioso<\/strong><\/h2>\n<p data-start=\"25667\" data-end=\"25747\"><a href=\"https:\/\/emocosmetica.com\/post\/olfato-maravilloso-aliado\">El olfato mantiene una relaci\u00f3n especialmente estrecha con el cerebro emocional<\/a>.<\/p>\n<p>En <strong data-start=\"25752\" data-end=\"25768\">Emocosm\u00e9tica<\/strong> entendemos la <a href=\"https:\/\/emocosmetica.com\/neuroarquitectura-del-aroma\">aromaterapia<\/a> como un complemento esencial, nunca como un mero detalle decorativo del cosm\u00e9tico. El olfato mantiene una conexi\u00f3n directa con estructuras cerebrales implicadas en la memoria y las emociones, como el sistema l\u00edmbico. Por ello, determinados aromas favorecen estados de relajaci\u00f3n o bienestar en algunas personas. Por citar algunos:<\/p>\n<p><strong>Lavanda: la calma que facilita el coraje: <\/strong>es uno de los aceites esenciales m\u00e1s estudiados. Diversos metaan\u00e1lisis muestran que contribuye a reducir el estr\u00e9s y ansiedad, especialmente cuando se utiliza dentro de programas integrales de bienestar. No elimina el miedo, pero favorece un estado interno desde el que resulte m\u00e1s sencillo afrontarlo.<\/p>\n<p><strong>Lemongrass: claridad y energ\u00eda: <\/strong>tradicionalmente utilizado para favorecer sensaci\u00f3n de frescura, claridad mental y activaci\u00f3n. Su perfil arom\u00e1tico suele emplearse para acompa\u00f1ar momentos que requieren concentraci\u00f3n y dinamismo.<\/p>\n<p data-start=\"26757\" data-end=\"26981\"><a href=\"https:\/\/doi.org\/10.1089\/acm.2015.0099\" target=\"_blank\" rel=\"noopener\">Un estudio experimental publicado en 2015<\/a> observ\u00f3 que las personas expuestas a su aroma mostraban una reducci\u00f3n de la ansiedad y de la tensi\u00f3n subjetiva, adem\u00e1s de una recuperaci\u00f3n m\u00e1s r\u00e1pida despu\u00e9s de una tarea estresante.<\/p>\n<p>En 2025, un ensayo realizado durante tratamientos periodontales encontr\u00f3 que la aromaterapia con lemongrass reduc\u00eda significativamente la ansiedad, la presi\u00f3n arterial y la frecuencia cardiaca frente al grupo de control.<\/p>\n<p>Estos resultados abren una l\u00ednea especialmente interesante para su uso como coadyuvantes en momentos que requieren activaci\u00f3n, concentraci\u00f3n o impulso. No necesitamos interpretar el aroma como una orden qu\u00edmica id\u00e9ntica para todas las personas. Puede funcionar como una invitaci\u00f3n: \u201cEs el momento de empezar\u201d.<\/p>\n<h2><strong>El olfato tambi\u00e9n puede transformar el cerebro<\/strong><\/h2>\n<p data-start=\"27546\" data-end=\"27630\">La relaci\u00f3n entre aroma y cerebro contin\u00faa ofreciendo descubrimientos sorprendentes.<\/p>\n<p data-start=\"27632\" data-end=\"27970\"><a href=\"https:\/\/doi.org\/10.1016\/j.brainresbull.2024.110896\" target=\"_blank\" rel=\"noopener\">En 2024 se public\u00f3 un estudio con 50 mujeres sanas.<\/a> Durante un mes, 28 de ellas llevaron en su ropa un aroma de rosa y 22 formaron parte del grupo de control. Las resonancias magn\u00e9ticas realizadas antes y despu\u00e9s mostraron un aumento del volumen de materia gris global y de una regi\u00f3n de la corteza cingulada posterior en el grupo expuesto al aroma.<\/p>\n<p data-start=\"27972\" data-end=\"28187\">Esto abre una posibilidad extraordinaria: la exposici\u00f3n olfativa continuada participa en procesos de plasticidad cerebral. El aroma es informaci\u00f3n, y el cerebro cambia en respuesta a la que recibe de forma repetida.<\/p>\n<p>\t\t\t\t\t\t\t\t\t\t\t\t\t\t\t<img loading=\"lazy\" decoding=\"async\" width=\"1024\" height=\"1024\" src=\"https:\/\/emocosmetica.com\/wp-content\/uploads\/2026\/09\/aromas-valentia-olfato-emociones-1024x1024.webp\" alt=\"Mujer percibiendo aromas en un ritual relacionado con valent\u00eda y emociones\" srcset=\"https:\/\/emocosmetica.com\/wp-content\/uploads\/2026\/09\/aromas-valentia-olfato-emociones-1024x1024.webp 1024w, https:\/\/emocosmetica.com\/wp-content\/uploads\/2026\/09\/aromas-valentia-olfato-emociones-300x300.webp 300w, https:\/\/emocosmetica.com\/wp-content\/uploads\/2026\/09\/aromas-valentia-olfato-emociones-150x150.webp 150w, https:\/\/emocosmetica.com\/wp-content\/uploads\/2026\/09\/aromas-valentia-olfato-emociones-768x768.webp 768w, https:\/\/emocosmetica.com\/wp-content\/uploads\/2026\/09\/aromas-valentia-olfato-emociones-600x600.webp 600w, https:\/\/emocosmetica.com\/wp-content\/uploads\/2026\/09\/aromas-valentia-olfato-emociones-100x100.webp 100w, https:\/\/emocosmetica.com\/wp-content\/uploads\/2026\/09\/aromas-valentia-olfato-emociones-64x64.webp 64w, https:\/\/emocosmetica.com\/wp-content\/uploads\/2026\/09\/aromas-valentia-olfato-emociones.webp 1200w\" sizes=\"(max-width: 1024px) 100vw, 1024px\" \/>\t\t\t\t\t\t\t\t\t\t\t\t\t\t\t<\/p>\n<h2><strong>C\u00f3mo entrenar la valent\u00eda cada d\u00eda<\/strong><\/h2>\n<p data-start=\"29487\" data-end=\"29638\">La valent\u00eda se construye poco a poco, o se deteriora por falta de pr\u00e1ctica. Por ello, para fomentarla en tu vida, puedes empezar con peque\u00f1as acciones:<\/p>\n<ul>\n<li data-start=\"29640\" data-end=\"29704\">Mantener una conversaci\u00f3n que llevas semanas evitando.<\/li>\n<li data-start=\"29706\" data-end=\"29758\">Pedir ayuda cuando realmente la necesitas.<\/li>\n<li data-start=\"29760\" data-end=\"29798\">Divide los desaf\u00edos en pasos<\/li>\n<li data-start=\"29800\" data-end=\"29837\">Decir \u201cno\u201d sin sentir culpa.<\/li>\n<li data-start=\"29839\" data-end=\"29883\">Mostrar una emoci\u00f3n sin esconderla.<\/li>\n<li data-start=\"29885\" data-end=\"29938\">Probar algo nuevo, aunque no salga perfecto.<\/li>\n<li data-start=\"29940\" data-end=\"29988\">Reconoce el acto, no s\u00f3lo el resultado.<\/li>\n<li data-start=\"29990\" data-end=\"30056\">Cuidarte, incluso en los d\u00edas en los que no tienes ganas.<\/li>\n<\/ul>\n<p data-start=\"30058\" data-end=\"30231\">El cerebro aprende mediante repetici\u00f3n. Cada peque\u00f1o acto va creando nuevas conexiones neuronales y con el tiempo, aquello que parec\u00eda imposible, empieza a sentirse natural.<\/p>\n<p>Y es que, el cerebro posee una extraordinaria neuroplasticidad; es decir, la habilidad para reorganizar su estructura y su funcionamiento en respuesta a la experiencia. Cada vez que repetimos una conducta, las neuronas implicadas en esa acci\u00f3n se activan de forma conjunta y fortalecen sus conexiones sin\u00e1pticas.<\/p>\n<p>Este principio, resumido por el neuropsic\u00f3logo <strong data-start=\"30596\" data-end=\"30611\"><em>Donald Hebb<\/em><\/strong> con la conocida idea de que \u201c<em data-start=\"30642\" data-end=\"30708\">las neuronas que se activan juntas tienden a<\/em><em> conectarse entre s\u00ed<\/em>\u201d, explica por qu\u00e9 un comportamiento inicialmente dif\u00edcil puede terminar convirti\u00e9ndose en una respuesta casi autom\u00e1tica. En el caso de la valent\u00eda, cada vez que afrontamos una situaci\u00f3n que nos produce temor sin recurrir a la evitaci\u00f3n, estamos ense\u00f1ando literalmente a nuestro cerebro que esa experiencia puede gestionarse con seguridad.<\/p>\n<p>Con el paso del tiempo, este aprendizaje modifica el equilibrio entre distintas regiones cerebrales. La am\u00edgdala, encargada de detectar posibles amenazas, reduce progresivamente su nivel de activaci\u00f3n, ante situaciones que ya no interpreta como peligrosas; mientras que la corteza prefrontal, responsable del razonamiento, la planificaci\u00f3n y la regulaci\u00f3n emocional, gana protagonismo. Como consecuencia, aquello que al principio exig\u00eda un enorme esfuerzo emocional, acaba requiriendo mucha menos energ\u00eda mental. La valent\u00eda deja entonces de ser un acto excepcional para convertirse en un h\u00e1bito, una forma de relacionarnos con la incertidumbre.<\/p>\n<p>No es que el miedo desaparezca por completo, sino que el cerebro aprende que puede convivir con \u00e9l sin que este tome el control de nuestras decisiones.<\/p>\n<h2><strong><a href=\"https:\/\/emocosmetica.com\/?p=43445\">La piel tambi\u00e9n recuerda c\u00f3mo vivimos<\/a><\/strong><\/h2>\n<p data-start=\"31895\" data-end=\"32388\">Las formulaciones cosm\u00e9ticas hidratan, nutren, reparan y ayudan a proteger la piel frente a las agresiones del entorno. Sus ingredientes act\u00faan sobre la barrera cut\u00e1nea, favorecen el confort, aportan antioxidantes o ayudan a mantener el equilibrio de la hidrataci\u00f3n. Sin embargo, la piel no existe aislada del resto de la persona porque es un \u00f3rgano vivo que dialoga constantemente con el sistema nervioso, el sistema inmunitario, las hormonas y con la forma en que vivimos nuestro d\u00eda a d\u00eda.<\/p>\n<p>Cada emoci\u00f3n, cada h\u00e1bito, cada momento de descanso, de estr\u00e9s, de ilusi\u00f3n o de serenidad forman parte del paisaje en el que la piel desarrolla su propia historia.<\/p>\n<p>En <strong data-start=\"32558\" data-end=\"32574\">Emocosm\u00e9tica<\/strong> creemos que el cuidado de la piel puede ir un paso m\u00e1s all\u00e1 de la aplicaci\u00f3n de activos cosm\u00e9ticos tradicionales y que la era de los emocosm\u00e9ticos es el camino para lograr efectos m\u00e1s r\u00e1pidos, perdurables y saludables.<\/p>\n<p>Por eso, nacen desde una visi\u00f3n integradora en la que dialogan distintas disciplinas. La investigaci\u00f3n cosm\u00e9tica aporta ingredientes con eficacia demostrada; la aromaterapia incorpora el poder de los aromas, capaces de evocar estados emocionales a trav\u00e9s del olfato; las terapias florales inspiran y nos acompa\u00f1an hacia diferentes procesos personales; la psicolog\u00eda nos recuerda la importancia del di\u00e1logo interno y de los h\u00e1bitos; la neurociencia explica c\u00f3mo la repetici\u00f3n de peque\u00f1os rituales consolida nuevas formas de vivir el autocuidado. Ninguna de estas miradas pretende sustituir a otra, sino que, unidas, construyen una experiencia \u00fanica, donde ciencia, naturaleza y dimensi\u00f3n emocional se encuentran para cuidar a la persona de una forma m\u00e1s completa.<\/p>\n<p>Sabemos que un cosm\u00e9tico no cambia una vida por s\u00ed solo, pero s\u00ed puede convertirse en un apoyo cotidiano. Por eso decimos que no formulamos \u00fanicamente cosm\u00e9ticos; formulamos experiencias de cuidado. Dise\u00f1amos rituales que aspiran a unir la eficacia cosm\u00e9tica con el poder de la naturaleza, la emoci\u00f3n y el significado personal; porque creemos que la belleza nace de una piel bien cuidada y de una persona que se siente m\u00e1s presente, consciente y coherente con quien es.<\/p>\n<p>Quiz\u00e1s ah\u00ed resida la verdadera valent\u00eda: no en vivir sin miedo, sino en dejar de renunciar, por miedo a sentir miedo.<\/p>\n<p>\t\t\t\t\t\t\t\t\t\t\t\t\t\t\t<img loading=\"lazy\" decoding=\"async\" width=\"1024\" height=\"1024\" src=\"https:\/\/emocosmetica.com\/wp-content\/uploads\/2026\/09\/valentia-transforma-cerebro-neuroplasticidad-1024x1024.webp\" alt=\"Composici\u00f3n gr\u00e1fica sobre valent\u00eda, cerebro y neurociencia\" srcset=\"https:\/\/emocosmetica.com\/wp-content\/uploads\/2026\/09\/valentia-transforma-cerebro-neuroplasticidad-1024x1024.webp 1024w, https:\/\/emocosmetica.com\/wp-content\/uploads\/2026\/09\/valentia-transforma-cerebro-neuroplasticidad-300x300.webp 300w, https:\/\/emocosmetica.com\/wp-content\/uploads\/2026\/09\/valentia-transforma-cerebro-neuroplasticidad-150x150.webp 150w, https:\/\/emocosmetica.com\/wp-content\/uploads\/2026\/09\/valentia-transforma-cerebro-neuroplasticidad-768x768.webp 768w, https:\/\/emocosmetica.com\/wp-content\/uploads\/2026\/09\/valentia-transforma-cerebro-neuroplasticidad-600x600.webp 600w, https:\/\/emocosmetica.com\/wp-content\/uploads\/2026\/09\/valentia-transforma-cerebro-neuroplasticidad-100x100.webp 100w, https:\/\/emocosmetica.com\/wp-content\/uploads\/2026\/09\/valentia-transforma-cerebro-neuroplasticidad-64x64.webp 64w, https:\/\/emocosmetica.com\/wp-content\/uploads\/2026\/09\/valentia-transforma-cerebro-neuroplasticidad.webp 1200w\" sizes=\"(max-width: 1024px) 100vw, 1024px\" \/>\t\t\t\t\t\t\t\t\t\t\t\t\t\t\t<\/p>\n<h2><strong>Preguntas frecuentes<\/strong><\/h2>\n<h3 data-section-id=\"6g2j3a\" data-start=\"34177\" data-end=\"34186\">\u00a0<\/h3>\n<h3><strong>\u00bfQu\u00e9 es la valent\u00eda seg\u00fan la psicolog\u00eda?<\/strong><\/h3>\n<p data-start=\"34238\" data-end=\"34495\">La valent\u00eda es la decisi\u00f3n de actuar en direcci\u00f3n a algo que consideramos importante aun cuando sentimos miedo, incertidumbre o incomodidad. No exige eliminar el miedo: consiste en impedir que la amenaza sea el \u00fanico criterio que dirige nuestras decisiones.<\/p>\n<h3 data-section-id=\"1mo04m\" data-start=\"34497\" data-end=\"34502\"><strong data-start=\"34508\" data-end=\"34551\">\u00a0<\/strong><strong>\u00bfSer valiente significa no tener miedo?<\/strong><\/h3>\n<p data-start=\"34553\" data-end=\"34783\">No. El miedo forma parte de la valent\u00eda. Una acci\u00f3n adquiere car\u00e1cter valiente precisamente cuando existe dificultad, riesgo subjetivo o una tendencia a retirarnos y, aun as\u00ed, elegimos avanzar de manera consciente y proporcionada.<\/p>\n<h3 data-section-id=\"ac3weo\" data-start=\"34785\" data-end=\"34848\"><strong data-start=\"34789\" data-end=\"34848\">\u00a0<\/strong><strong>\u00bfQu\u00e9 ocurre en el cerebro cuando actuamos con valent\u00eda?<\/strong><\/h3>\n<p data-start=\"34850\" data-end=\"35194\">La investigaci\u00f3n ha observado actividad en circuitos relacionados con regulaci\u00f3n emocional, valoraci\u00f3n de la amenaza, motivaci\u00f3n y control de la conducta. El experimento de Nili y colaboradores mostr\u00f3 especialmente la implicaci\u00f3n de la corteza cingulada anterior subgenual, cuando una persona actuaba en direcci\u00f3n contraria a un miedo intenso.<\/p>\n<h3 data-section-id=\"pwhfgy\" data-start=\"35196\" data-end=\"35228\"><strong data-start=\"35200\" data-end=\"35228\">\u00a0<\/strong><strong>\u00bfLa valent\u00eda se entrena?<\/strong><\/h3>\n<p data-start=\"35230\" data-end=\"35508\">S\u00ed. La repetici\u00f3n de respuestas de aproximaci\u00f3n, regulaci\u00f3n y acci\u00f3n consciente aporta nueva informaci\u00f3n al cerebro. La neuroplasticidad consolida aprendizajes y la experiencia repetida transforma la relaci\u00f3n que mantenemos con situaciones que anteriormente activaban evitaci\u00f3n.<\/p>\n<h3 data-section-id=\"kvydnn\" data-start=\"35510\" data-end=\"35563\"><strong data-start=\"35514\" data-end=\"35563\">\u00a0<\/strong><strong>\u00bfQu\u00e9 relaci\u00f3n existe entre valent\u00eda y estr\u00e9s?<\/strong><\/h3>\n<p data-start=\"35565\" data-end=\"35863\">El coraje psicol\u00f3gico se relaciona con menor estr\u00e9s y con una respuesta m\u00e1s activa ante situaciones de amenaza. Investigaciones con poblaciones de alto riesgo y estudios longitudinales recientes muestran que la valent\u00eda funciona como recurso de adaptaci\u00f3n frente a determinados procesos de estr\u00e9s.<\/p>\n<h3 data-section-id=\"5ki66c\" data-start=\"35865\" data-end=\"35918\"><strong data-start=\"35869\" data-end=\"35918\">\u00a0<\/strong><strong>\u00bfC\u00f3mo afecta el estr\u00e9s psicol\u00f3gico a la piel?<\/strong><\/h3>\n<p data-start=\"35920\" data-end=\"36236\">El estr\u00e9s modifica la comunicaci\u00f3n entre sistema nervioso, sistema endocrino, sistema inmunitario y piel. Los estudios experimentales en humanos han observado retrasos en la recuperaci\u00f3n de la funci\u00f3n barrera y cambios en cortisol, noradrenalina y mediadores inmunol\u00f3gicos durante situaciones de estr\u00e9s psicol\u00f3gico.<\/p>\n<h3 data-section-id=\"ososhm\" data-start=\"36238\" data-end=\"36301\"><strong data-start=\"36242\" data-end=\"36301\">\u00a0<\/strong><strong>\u00bfQu\u00e9 relaci\u00f3n existe entre valent\u00eda y salud de la piel?<\/strong><\/h3>\n<p data-start=\"36303\" data-end=\"36556\">La relaci\u00f3n es profunda. La valent\u00eda influye sobre decisiones, h\u00e1bitos, percepci\u00f3n de control, l\u00edmites personales, b\u00fasqueda de ayuda y gesti\u00f3n del estr\u00e9s; todos ellos forman parte del entorno fisiol\u00f3gico y vital en el que la piel mantiene su equilibrio.<\/p>\n<h3 data-section-id=\"s730f0\" data-start=\"36558\" data-end=\"36608\"><strong data-start=\"36562\" data-end=\"36608\">\u00a0<\/strong><strong>\u00bfExiste un neurotransmisor de la valent\u00eda?<\/strong><\/h3>\n<p data-start=\"36610\" data-end=\"36914\">No existe una \u00fanica mol\u00e9cula responsable. Dopamina, noradrenalina, serotonina, oxitocina y sistemas opioides end\u00f3genos intervienen en procesos relacionados con motivaci\u00f3n, aprendizaje, alerta, regulaci\u00f3n emocional, v\u00ednculo, dolor y recompensa que participan en situaciones donde actuamos frente al miedo.<\/p>\n<h3 data-section-id=\"fzd2q\" data-start=\"36916\" data-end=\"36964\"><strong data-start=\"36920\" data-end=\"36964\">\u00a0<\/strong><strong>\u00bfLa aromaterapia influye en la ansiedad?<\/strong><\/h3>\n<p data-start=\"36966\" data-end=\"37265\">S\u00ed. La investigaci\u00f3n cl\u00ednica ha encontrado reducciones de ansiedad con determinados est\u00edmulos arom\u00e1ticos. La lavanda cuenta con metaan\u00e1lisis y numerosos ensayos, mientras que el lemongrass dispone de estudios y ensayos cl\u00ednicos con resultados significativos sobre ansiedad y variables fisiol\u00f3gicas.<\/p>\n<h3 data-section-id=\"1nd25mu\" data-start=\"37267\" data-end=\"37330\"><strong data-start=\"37271\" data-end=\"37330\">\u00a0<\/strong><strong>\u00bfQu\u00e9 relaci\u00f3n existe entre olfato, emociones y cerebro?<\/strong><\/h3>\n<p data-start=\"37332\" data-end=\"37651\">El olfato mantiene conexiones privilegiadas con sistemas relacionados con emoci\u00f3n y memoria. La investigaci\u00f3n actual estudia adem\u00e1s c\u00f3mo una exposici\u00f3n olfativa repetida modifica actividad y estructura cerebral; un trabajo de 2024 observ\u00f3 cambios de sustancia gris tras un mes de exposici\u00f3n continuada a aroma de rosa.<\/p>\n<h3 data-section-id=\"ueafo\" data-start=\"37653\" data-end=\"37716\"><strong data-start=\"37657\" data-end=\"37716\">\u00a0<\/strong><strong>\u00bfQu\u00e9 dice la investigaci\u00f3n sobre las terapias florales?<\/strong><\/h3>\n<p data-start=\"37718\" data-end=\"38063\">La literatura contiene resultados diferentes seg\u00fan poblaci\u00f3n, f\u00f3rmula y dise\u00f1o experimental. Un estudio con 81 personas encontr\u00f3 reducciones superiores al placebo en ansiedad junto con mejoras de sue\u00f1o, ingesta compulsiva y frecuencia cardiaca, y otro ensayo pedi\u00e1trico registr\u00f3 mejoras en determinadas medidas relacionadas con ansiedad dental.<\/p>\n<h3 data-section-id=\"1b2ut71\" data-start=\"38065\" data-end=\"38133\"><strong data-start=\"38069\" data-end=\"38133\">\u00a0<\/strong><strong>\u00bfQu\u00e9 relaci\u00f3n tiene una cosm\u00e9tica emocional con la valent\u00eda?<\/strong><\/h3>\n<p data-start=\"38135\" data-end=\"38442\">Una cosm\u00e9tica emocional utiliza el momento de cuidado como una experiencia que integra piel, sensorialidad, aroma, tacto, atenci\u00f3n e intenci\u00f3n. Un ritual no sustituye una decisi\u00f3n valiente; crea un espacio consciente, desde el que recordar aquello que queremos afrontar y transformar la intenci\u00f3n en acci\u00f3n.<\/p>\n<h2><strong>Art\u00edculos relacionados<\/strong><\/h2>\n<p data-start=\"38474\" data-end=\"38674\">La valent\u00eda se comprende mejor cuando observamos el di\u00e1logo continuo entre cerebro, emociones, estr\u00e9s, h\u00e1bitos y piel. Estos art\u00edculos ampl\u00edan algunos de los mecanismos tratados en esta investigaci\u00f3n.<\/p>\n<h3 data-start=\"38676\" data-end=\"38704\"><a href=\"https:\/\/emocosmetica.com\/post\/conexion-neurocutanea\/\"><strong data-start=\"38676\" data-end=\"38704\">La Conexi\u00f3n<\/strong><strong> Neurocut\u00e1nea<\/strong><\/a><\/h3>\n<p data-start=\"38706\" data-end=\"38800\">Una introducci\u00f3n al di\u00e1logo biol\u00f3gico entre piel y cerebro y a las bases de la neurocosm\u00e9tica. <a href=\"https:\/\/emocosmetica.com\/post\/conexion-neurocutanea\/\">Leer.<\/a><\/p>\n<h3 data-start=\"38843\" data-end=\"38883\"><a href=\"https:\/\/emocosmetica.com\/estres-se-ve-en-la-piel\/\"><strong data-start=\"38843\" data-end=\"38883\">\u00a0<\/strong><strong>\u00bfPor qu\u00e9 el<\/strong><strong> estr\u00e9s se ve en la piel?<\/strong><\/a><\/h3>\n<p data-start=\"38885\" data-end=\"39000\">Qu\u00e9 ocurre en la funci\u00f3n barrera, la inflamaci\u00f3n y el equilibrio cut\u00e1neo cuando el organismo permanece bajo estr\u00e9s. <a href=\"https:\/\/emocosmetica.com\/estres-se-ve-en-la-piel\/\">Leer.<\/a><\/p>\n<h3><a href=\"https:\/\/emocosmetica.com\/post\/alostasis-y-cosmetica-neuroemocional\/\"><strong>Alostasis y<\/strong><strong> Cosm\u00e9tica Neuroemocional<\/strong><\/a><\/h3>\n<p data-start=\"39085\" data-end=\"39221\">C\u00f3mo el organismo se adapta a los desaf\u00edos y por qu\u00e9 la carga acumulada de estr\u00e9s termina formando parte de la historia de nuestra piel. <a href=\"https:\/\/emocosmetica.com\/post\/alostasis-y-cosmetica-neuroemocional\/\">Leer.<\/a><\/p>\n<h3><a href=\"https:\/\/emocosmetica.com\/neuroarquitectura-del-aroma\/\"><strong>Neuroarquitectura<\/strong><strong> del Aroma<\/strong><\/a><\/h3>\n<p data-start=\"39297\" data-end=\"39399\">La relaci\u00f3n entre olfato, memoria, emoci\u00f3n y dise\u00f1o de experiencias arom\u00e1ticas dentro de la cosm\u00e9tica. <a href=\"https:\/\/emocosmetica.com\/neuroarquitectura-del-aroma\/\">Leer.<\/a><\/p>\n<h3><a href=\"https:\/\/emocosmetica.com\/la-piel-tiene-memoria\/\"><strong>La piel<\/strong><strong> tiene memoria<\/strong><\/a><\/h3>\n<p data-start=\"39469\" data-end=\"39580\">C\u00f3mo el estr\u00e9s, el descanso, el exposoma y otras experiencias acumuladas dejan una huella biol\u00f3gica en la piel. <a href=\"https:\/\/emocosmetica.com\/?p=43445\">Leer.<\/a><\/p>\n<h3><a href=\"https:\/\/emocosmetica.com\/fatim-ligioiz-emocosmetica\/\"><strong>Fatim<\/strong><strong> Ligioiz: el Alma de Emocosm\u00e9tica<\/strong><\/a><\/h3>\n<p data-start=\"39667\" data-end=\"39783\">La historia humana detr\u00e1s de una manera de entender la cosm\u00e9tica que une piel, emociones, investigaci\u00f3n y bienestar. <a href=\"https:\/\/emocosmetica.com\/fatim-ligioiz-emocosmetica\/\">Leer.<\/a><\/p>\n<h2><strong>Referencias cient\u00edficas<\/strong><\/h2>\n<ol>\n<li><strong data-start=\"39860\" data-end=\"39924\">Nili, U., Goldberg, H., Weizman, A. &amp; Dudai, Y. (2010).<\/strong> <em data-start=\"39925\" data-end=\"40026\">Fear Thou Not: Activity of Frontal and Temporal Circuits in Moments of Real-Life Courage.<\/em> Neuron, 66(6), 949\u2013962. DOI: 1016\/j.neuron.2010.06.009.<\/li>\n<li><strong data-start=\"40106\" data-end=\"40150\">Macri, J. A. &amp; Rogge, R. D. (2024).<\/strong> <em data-start=\"40151\" data-end=\"40342\">Examining domains of psychological flexibility and inflexibility as treatment mechanisms in Acceptance and Commitment Therapy: A comprehensive systematic and meta-analytic review.<\/em> Clinical Psychology Review, 110, 102432. DOI: 1016\/j.cpr.2024.102432.<\/li>\n<li><strong data-start=\"40439\" data-end=\"40474\">Plas, S. L. et al. (2024).<\/strong> <em data-start=\"40475\" data-end=\"40556\">Neural circuits for the adaptive regulation of fear and extinction memory.<\/em> Frontiers in Behavioral Neuroscience, 18, 1352797. DOI: 3389\/fnbeh.2024.1352797.<\/li>\n<li><strong data-start=\"40663\" data-end=\"40695\">Wang, J. et al. (2022).<\/strong> <em data-start=\"40696\" data-end=\"40841\">The effect of courage on stress: The mediating mechanism of behavioral inhibition and behavioral activation in high-risk occupations.<\/em> Frontiers in Psychology, 13, 961387. DOI: <a href=\"https:\/\/doi.org\/10.3389\/fpsyg.2022.961387?utm_source=chatgpt.com\" target=\"_blank\" rel=\"noopener\">3389\/fpsyg.2022.961387<\/a>.<\/li>\n<li><strong data-start=\"40934\" data-end=\"40979\">Pajestka, G. &amp; Szulawski, M. (2026).<\/strong> <em data-start=\"40980\" data-end=\"41053\">Psychological Courage Buffers BIS-Related Stress: A Two-Wave Test.<\/em> International Journal of Psychology, 61(2), e70187. DOI: 1002\/ijop.70187.<\/li>\n<li><strong data-start=\"41161\" data-end=\"41205\">Pajestka, G. &amp; Ska\u0142acka, K. (2026).<\/strong> <em data-start=\"41206\" data-end=\"41347\">Dare to take care of yourself: the relationship between psychological courage and the intention to undergo mammography screening.<\/em> Frontiers in Public Health, 14, 1778940. DOI: 3389\/fpubh.2026.1778940.<\/li>\n<li><strong data-start=\"41444\" data-end=\"41526\">Altemus, M., Rao, B., Dhabhar, F. S., Ding, W. &amp; Granstein, R. D. (2001).<\/strong> <em data-start=\"41532\" data-end=\"41604\">Stress-Induced Changes in Skin Barrier Function in Healthy Women.<\/em> Journal of Investigative Dermatology, 117(2), 309\u2013317. DOI: 1046\/j.1523-1747.2001.01373.x.<\/li>\n<li><strong data-start=\"41720\" data-end=\"41750\">Robles, T. F. (2007).<\/strong> <em data-start=\"41751\" data-end=\"41816\">Stress, social support, and delayed skin barrier recovery.<\/em> Psychosomatic Medicine, 69(8), 807\u2013815. DOI: 1097\/PSY.0b013e318157b12e.<\/li>\n<li><strong data-start=\"41912\" data-end=\"41947\">Donelli, D. et al. (2019).<\/strong> <em data-start=\"41948\" data-end=\"42025\">Effects of lavender on anxiety: A systematic review and meta-analysis.<\/em> Phytomedicine, 65, 153099. DOI: <a href=\"https:\/\/doi.org\/10.1016\/j.phymed.2019.153099?utm_source=chatgpt.com\" target=\"_blank\" rel=\"noopener\">1016\/j.phymed.2019.153099<\/a>.<\/li>\n<li><strong data-start=\"42109\" data-end=\"42144\">Goes, T. C. et al. (2015).<\/strong> <em data-start=\"42145\" data-end=\"42213\">Effect of Lemongrass Aroma on Experimental Anxiety in Humans.<\/em> Journal of Alternative and Complementary Medicine, 21(12), 766\u2013773. DOI: <a href=\"https:\/\/doi.org\/10.1089\/acm.2015.0099?utm_source=chatgpt.com\" target=\"_blank\" rel=\"noopener\">1089\/acm.2015.0099<\/a>.<\/li>\n<li><strong data-start=\"42338\" data-end=\"42405\">Rashidi Maybodi, F., Herandi, V. &amp; Vaezpour, M. S. (2025).<\/strong> <em data-start=\"42406\" data-end=\"42577\">Effect of aromatherapy with lemongrass (Cymbopogon citratus) on the anxiety of patients undergoing scaling and root planning: a randomized clinical trial.<\/em> BMC Complementary Medicine and Therapies, 25, 100. DOI: 1186\/s12906-025-04834-w.<\/li>\n<li><strong data-start=\"42685\" data-end=\"42740\">Kokubun, K., Nemoto, K. &amp; Yamakawa, Y. (2024).<\/strong> <em data-start=\"42741\" data-end=\"42816\">Continuous inhalation of essential oil increases gray matter volume.<\/em> Brain Research Bulletin, 208, 110896. DOI: <a href=\"https:\/\/doi.org\/10.1016\/j.brainresbull.2024.110896\" target=\"_blank\" rel=\"noopener\">1016\/j.brainresbull.2024.110896<\/a>.<\/li>\n<li><strong data-start=\"42916\" data-end=\"42955\">Fusco, S. F. B. et al. (2021).<\/strong> <em data-start=\"42956\" data-end=\"43085\">Efficacy of Flower Therapy for Anxiety in Overweight or Obese Adults: A Randomized Placebo-Controlled Clinical Trial.<\/em> Journal of Alternative and Complementary Medicine, 27(5), 416\u2013422. DOI: 1089\/acm.2020.0305.<\/li>\n<li><strong data-start=\"43209\" data-end=\"43254\">Dixit, U. B. &amp; Jasani, R. R. (2020).<\/strong> <em data-start=\"43255\" data-end=\"43406\">Comparison of the effectiveness of Bach flower therapy and music therapy on dental anxiety in pediatric patients: A randomized controlled study.<\/em> Journal of Indian Society of Pedodontics and Preventive Dentistry, 38(1), 71\u201378. DOI: 4103\/JISPPD.JISPPD_229_19.<\/li>\n<\/ol>\n","protected":false,"gt_translate_keys":[{"key":"rendered","format":"html"}]},"excerpt":{"rendered":"<p>La valent\u00eda no consiste en vivir sin miedo, sino en aprender a avanzar a pesar de \u00e9l. Descubre qu\u00e9 ocurre en el cerebro cuando nos atrevemos, c\u00f3mo la neuroplasticidad transforma nuestra respuesta al miedo y qu\u00e9 relaci\u00f3n mantienen valent\u00eda, estr\u00e9s, emociones, piel y belleza.<\/p>\n","protected":false,"gt_translate_keys":[{"key":"rendered","format":"html"}]},"author":2056,"featured_media":43809,"comment_status":"open","ping_status":"open","sticky":false,"template":"","format":"standard","meta":{"_acf_changed":false,"site-sidebar-layout":"default","site-content-layout":"","ast-site-content-layout":"default","site-content-style":"default","site-sidebar-style":"default","ast-global-header-display":"","ast-banner-title-visibility":"","ast-main-header-display":"","ast-hfb-above-header-display":"","ast-hfb-below-header-display":"","ast-hfb-mobile-header-display":"","site-post-title":"","ast-breadcrumbs-content":"","ast-featured-img":"","footer-sml-layout":"","ast-disable-related-posts":"","theme-transparent-header-meta":"","adv-header-id-meta":"","stick-header-meta":"","header-above-stick-meta":"","header-main-stick-meta":"","header-below-stick-meta":"","astra-migrate-meta-layouts":"set","ast-page-background-enabled":"default","ast-page-background-meta":{"desktop":{"background-color":"","background-image":"","background-repeat":"repeat","background-position":"center center","background-size":"auto","background-attachment":"scroll","background-type":"","background-media":"","overlay-type":"","overlay-color":"","overlay-opacity":"","overlay-gradient":""},"tablet":{"background-color":"","background-image":"","background-repeat":"repeat","background-position":"center center","background-size":"auto","background-attachment":"scroll","background-type":"","background-media":"","overlay-type":"","overlay-color":"","overlay-opacity":"","overlay-gradient":""},"mobile":{"background-color":"","background-image":"","background-repeat":"repeat","background-position":"center center","background-size":"auto","background-attachment":"scroll","background-type":"","background-media":"","overlay-type":"","overlay-color":"","overlay-opacity":"","overlay-gradient":""}},"ast-content-background-meta":{"desktop":{"background-color":"var(--ast-global-color-5)","background-image":"","background-repeat":"repeat","background-position":"center center","background-size":"auto","background-attachment":"scroll","background-type":"","background-media":"","overlay-type":"","overlay-color":"","overlay-opacity":"","overlay-gradient":""},"tablet":{"background-color":"var(--ast-global-color-5)","background-image":"","background-repeat":"repeat","background-position":"center center","background-size":"auto","background-attachment":"scroll","background-type":"","background-media":"","overlay-type":"","overlay-color":"","overlay-opacity":"","overlay-gradient":""},"mobile":{"background-color":"var(--ast-global-color-5)","background-image":"","background-repeat":"repeat","background-position":"center center","background-size":"auto","background-attachment":"scroll","background-type":"","background-media":"","overlay-type":"","overlay-color":"","overlay-opacity":"","overlay-gradient":""}},"footnotes":""},"categories":[306],"tags":[1071,1067,1005,1018,1062,1068,1066,1069,1070,847,1065],"class_list":["post-43507","post","type-post","status-publish","format-standard","has-post-thumbnail","hentry","category-emoblog","tag-aromaterapia","tag-cerebro","tag-emociones","tag-estres","tag-inteligencia-emocional","tag-miedo","tag-neurociencia","tag-neuroplasticidad","tag-piel","tag-psicodermatologia","tag-valentia"],"acf":[],"gt_translate_keys":[{"key":"link","format":"url"}],"_links":{"self":[{"href":"https:\/\/emocosmetica.com\/index.php?rest_route=\/wp\/v2\/posts\/43507","targetHints":{"allow":["GET"]}}],"collection":[{"href":"https:\/\/emocosmetica.com\/index.php?rest_route=\/wp\/v2\/posts"}],"about":[{"href":"https:\/\/emocosmetica.com\/index.php?rest_route=\/wp\/v2\/types\/post"}],"author":[{"embeddable":true,"href":"https:\/\/emocosmetica.com\/index.php?rest_route=\/wp\/v2\/users\/2056"}],"replies":[{"embeddable":true,"href":"https:\/\/emocosmetica.com\/index.php?rest_route=%2Fwp%2Fv2%2Fcomments&post=43507"}],"version-history":[{"count":20,"href":"https:\/\/emocosmetica.com\/index.php?rest_route=\/wp\/v2\/posts\/43507\/revisions"}],"predecessor-version":[{"id":43838,"href":"https:\/\/emocosmetica.com\/index.php?rest_route=\/wp\/v2\/posts\/43507\/revisions\/43838"}],"wp:featuredmedia":[{"embeddable":true,"href":"https:\/\/emocosmetica.com\/index.php?rest_route=\/wp\/v2\/media\/43809"}],"wp:attachment":[{"href":"https:\/\/emocosmetica.com\/index.php?rest_route=%2Fwp%2Fv2%2Fmedia&parent=43507"}],"wp:term":[{"taxonomy":"category","embeddable":true,"href":"https:\/\/emocosmetica.com\/index.php?rest_route=%2Fwp%2Fv2%2Fcategories&post=43507"},{"taxonomy":"post_tag","embeddable":true,"href":"https:\/\/emocosmetica.com\/index.php?rest_route=%2Fwp%2Fv2%2Ftags&post=43507"}],"curies":[{"name":"wp","href":"https:\/\/api.w.org\/{rel}","templated":true}]}}